{"id":10491,"date":"2016-08-17T23:21:44","date_gmt":"2016-08-17T22:21:44","guid":{"rendered":"http:\/\/www.unionbelge.be\/?p=10491"},"modified":"2016-08-18T20:18:45","modified_gmt":"2016-08-18T19:18:45","slug":"une-nouvelle-prestation-brilliante-belge-aux-j-o-alweer-een-schitterende-belgische-prestatie-op-de-o-s","status":"publish","type":"post","link":"https:\/\/www.unionbelge.be\/?p=10491","title":{"rendered":"THIAM: PRESTATION BRILLANTE D&#8217;UNE VICTIME DU FEDERALISME &#8211; GLANSPRESTATIE VAN EEN SLACHTOFFER VAN HET FEDERALISME"},"content":{"rendered":"<figure id=\"attachment_10492\" aria-describedby=\"caption-attachment-10492\" style=\"width: 300px\" class=\"wp-caption alignleft\"><a href=\"https:\/\/www.unionbelge.be\/?attachment_id=10492\" rel=\"attachment wp-att-10492\"><img loading=\"lazy\" decoding=\"async\" class=\"size-medium wp-image-10492\" src=\"https:\/\/www.unionbelge.be\/wp-content\/uploads\/2016\/08\/5405361-300x181.jpg\" alt=\"bron-source: sportmagazine.knack.be, \u00a9 BELGA\" width=\"300\" height=\"181\" data-wp-pid=\"10492\" srcset=\"https:\/\/www.unionbelge.be\/wp-content\/uploads\/2016\/08\/5405361-300x181.jpg 300w, https:\/\/www.unionbelge.be\/wp-content\/uploads\/2016\/08\/5405361.jpg 620w\" sizes=\"auto, (max-width: 300px) 100vw, 300px\" \/><\/a><figcaption id=\"caption-attachment-10492\" class=\"wp-caption-text\">bron-source: sportmagazine.knack.be, \u00a9 BELGA<\/figcaption><\/figure>\n<p><strong>LA MEDAILLE D&#8217;OR DE NAFTI THIAM <\/strong><\/p>\n<p><strong>Le 13 ao\u00fbt 2016, l\u2019athl\u00e8te belge Nafti Thiam a d\u00e9croch\u00e9 la m\u00e9daille d\u2019or \u00e0\u00a0l\u2019heptathlon aux J.O. de\u00a0Rio au Br\u00e9sil. Cette prestation de la jeune Namuroise est monumentale et significative pour plusieurs raisons.<\/strong><\/p>\n<p><strong>Tout d\u2019abord, Thiam a r\u00e9ussi un exploit sportif.<\/strong> L&#8217;heptathlon est\u00a0une \u00e9preuve athl\u00e9tique extr\u00eamement dure, combinant plusieurs disciplines sportives\u00a0au cours de deux jours: le 100 m\u00e8tres haies, le saut en hauteur, le lancer du poids, le\u00a0200 m\u00e8tres, le saut en longueur, la lanc\u00e9e du javelot et le\u00a0800 m\u00e8tres. La prestation est d\u2019autant plus remarquable, si l\u2019on prend en consid\u00e9ration le fait qu\u2019elle ait particip\u00e9\u00a0malgr\u00e9 une blessure au coude.<\/p>\n<p><strong>De plus, en franchissant une barre plac\u00e9e \u00e0 1m98 de hauteur, elle a r\u00e9alis\u00e9 le meilleur saut de l&#8217;histoire dans un heptathlon et,\u00a0partant, embelli son palmar\u00e8s par un record mondial.\u00a0<\/strong><\/p>\n<p>Sa prestation constitue \u00e9galement <strong>une revanche personnelle et sportive sur le f\u00e9d\u00e9ralisme linguistique<\/strong>. Elle a\u00a0en effet d\u00e9croch\u00e9 sa m\u00e9daille en d\u00e9pit d\u2019une politique des sports \u00e9parpill\u00e9e dont elle fut encore la victime il y a trois an.\u00a0En effet, le 3 f\u00e9vrier 2013, Nafti Thiam avait\u00a0 \u00e9tabli un record du monde juniors au pentathlon des Championnats de Belgique \u00e0 Gand. Or, le m\u00e9decin agr\u00e9\u00e9 par la soi-disant communaut\u00e9 &#8216;flamande&#8217; qui aurait d\u00fb effectuer le contr\u00f4le antidopage n&#8217;\u00e9tait pas pr\u00e9sent. Le contr\u00f4leur francophone quant \u00e0 lui se trouvait bien sur place, mais selon le d\u00e9cret \u00ab\u00a0flamand\u00a0\u00bb de lutte antidopage,\u00a0ce francophone ne pouvait\u00a0intervenir sur sol soi-disant \u201cflamand\u201d. C&#8217;est pourquoi le lendemain un contr\u00f4le, effectu\u00e9 par un m\u00e9decin agr\u00e9\u00e9 de la communaut\u00e9 &#8216;fran\u00e7aise&#8217;, a eu lieu au domicile de Thiam. Toutefois, cette mani\u00e8re d&#8217;agir fut jug\u00e9e contraire aux r\u00e8gles internationales de sorte que son record n&#8217;a pas \u00e9t\u00e9 homologu\u00e9 par la f\u00e9d\u00e9ration internationale d&#8217;athl\u00e9tisme (IAAF). A l&#8217;\u00e9poque, le B.U.B. a consacr\u00e9 un article \u00e0 ce fait honteux, qui \u00e9tait une cons\u00e9quence directe de la communautarisation des sports en 1980\u00a0(<a href=\"https:\/\/www.unionbelge.be\/?p=6899\">lien<\/a>).<\/p>\n<p><strong>On peut dire que, Thiam, la fille d&#8217;une m\u00e8re belge et d&#8217;un p\u00e8re s\u00e9n\u00e9galais, est l&#8217;exemple type d&#8217;une int\u00e9gration r\u00e9ussie \u00e0 la diff\u00e9rence de Wouter Van Bellingen (<a href=\"https:\/\/www.unionbelge.be\/?p=10486\">voir notre texte pr\u00e9c\u00e9dent<\/a>), le pr\u00e9sident du soi-disant \u201c<em>Minderhedenforum<\/em>\u201d (Forum des minorit\u00e9s), fils de deux parents ruandais et qui a\u00a0\u00e9t\u00e9 adopt\u00e9 par une famille dont le p\u00e8re fut un militant de la VU. Van Bellingen est s\u00e9paratiste et nationaliste &#8216;flamand&#8217;, qui n\u2019a \u00e9videmment encore rien fait d\u2019utile pour la Belgique (comme la plupart des particrates d\u2019ailleurs).<\/strong><\/p>\n<p>&nbsp;<\/p>\n<p><strong>DE GOUDEN MEDAILLE VAN NAFTI THIAM <\/strong><\/p>\n<p><strong>Op 13 augustus 2016 behaalde de jonge Belgische atlete\u00a0Nafti Thiam de\u00a0gouden medaille in de Zevenkamp \u00a0op de Olympische Spelen van Rio, in Brazili\u00eb. De prestatie \u00a0van de Naamse is om meerdere redenen monumentaal en betekenisvol.<\/strong><\/p>\n<p><strong>Allereerst heeft Thiam op sportief vlak een prachtige prestatie neergezet.<\/strong> De zevenkamp is een uitermate zware atletiekdiscipline, waarin volgende sporttakken op twee dagen gecombineerd worden: 100 meter horde, hoogspringen, kogelstoten, 200 meter hardlopen, verspringen, speerwerpen en 800 meter hardlopen. De prestatie is zelfs nog des te opmerkelijker wanneer je bedenkt dat ze deelnam ondanks een de blessure aan de elleboog.<\/p>\n<p><strong>Daarenboven lukte het haar om\u00a0in het hoogspringen \u00a0de kaap van de 1m98 te overschrijden. Met de beste sprong uit de geschiedenis van de heptathlon behaalde ze bijgevolg een wereldrecord waarmee ze haar palmares nog meer luister bijzette.<\/strong><\/p>\n<p>Met haar prestatie neemt ze ook <strong>een persoonlijke en sportieve revanche op het taalfederalisme.<\/strong> Ze behaalde immers haar medaille in weerwil van een versnipperd sportbeleid waarvan ze drie jaar geleden nog het slachtoffer was.<\/p>\n<p>Nafti Thiam had op 3 februari 2013 tijdens de vijfkamp die plaatsvond op het Belgisch Kampioenschap te Gent een wereldrecord neergezet. Welnu, de door de zogenaamde &#8216;Vlaamse&#8217; gemeenschap erkende arts, die de anti-dopincontrole had moeten uitvoeren, was niet te bespeuren. De Franstalige controleur was wel ter plekke maar volgens het \u00ab\u00a0Vlaams\u00a0\u00bb decreet inzake dopingbestrijding mocht die Franstalige op het zgn. &#8216;Vlaamse&#8217; grondgebied niet tussenkomen. Vandaar dat de volgende dag in de woonplaats van Thiam een controle plaatsvond door een arts die door de &#8216;Franse&#8217; gemeenschap erkend was. Maar deze manier van werken werd als strijdig met de internationale regels beschouwd zodat de internationale atletiekfederatie (IAAF) weigerde het record van de atlete te homologeren. De B.U.B. heeft toen een artikel aan dit schandalig feit gewijd, dat een rechtstreeks gevolg van de communautarisering van sport in 1980 was (<a href=\"https:\/\/www.unionbelge.be\/?p=6899\">link<\/a>).<\/p>\n<p><strong>Men kan zeggen dat Thiam, dochter van een Belgische moeder en een Senegalese vader, een schoolvoorbeeld van geslaagde integratie is en dit tegenstelling tot Wouter Van Bellingen (<a href=\"https:\/\/www.unionbelge.be\/?p=10486\">zie onze vorige tekst<\/a>), de voorzitter van het zogenaamde \u201cMinderhedenforum\u201d,\u00a0zoon van Rwandese ouders, die geadopteerd werd door een gezin waarvan de vader VU-militant was. Van Bellingen is een flamingant en een separatist, die uiteraard nog niets nuttig voor Belgi\u00eb gepresteerd heeft (zoals de meeste particraten overigens).<\/strong><\/p>\n","protected":false},"excerpt":{"rendered":"<p>Le 13 ao\u00fbt 2016, l\u2019athl\u00e8te belge Nafti Thiam a d\u00e9croch\u00e9 la m\u00e9daille d\u2019or \u00e0 l\u2019heptathlon aux J.O. de Rio au Br\u00e9sil. Cette prestation de la jeune Namuroise est monumentale et significative pour plusieurs raisons.<\/p>\n<p>Op 13 augustus 2016 behaalde de jonge Belgische atlete Nafti Thiam de gouden medaille in de Zevenkamp  op de Olympische Spelen van Rio, in Brazili\u00eb. De prestatie  van de Naamse is om meerdere redenen monumentaal en betekenisvol.<\/p>\n","protected":false},"author":2,"featured_media":0,"comment_status":"closed","ping_status":"closed","sticky":false,"template":"","format":"standard","meta":{"ngg_post_thumbnail":0,"jetpack_post_was_ever_published":false,"_jetpack_newsletter_access":"","_jetpack_dont_email_post_to_subs":false,"_jetpack_newsletter_tier_id":0,"_jetpack_memberships_contains_paywalled_content":false,"powered_cache_disable_cache":false,"_jetpack_memberships_contains_paid_content":false,"footnotes":"","jetpack_publicize_message":"","jetpack_publicize_feature_enabled":true,"jetpack_social_post_already_shared":true,"jetpack_social_options":{"image_generator_settings":{"template":"highway","default_image_id":0,"font":"","enabled":false},"version":2}},"categories":[1,5],"tags":[],"class_list":["post-10491","post","type-post","status-publish","format-standard","hentry","category-news0","category-opinions"],"jetpack_publicize_connections":[],"jetpack_featured_media_url":"","jetpack_sharing_enabled":true,"jetpack_shortlink":"https:\/\/wp.me\/p6Y7u0-2Jd","jetpack_likes_enabled":false,"_links":{"self":[{"href":"https:\/\/www.unionbelge.be\/index.php?rest_route=\/wp\/v2\/posts\/10491","targetHints":{"allow":["GET"]}}],"collection":[{"href":"https:\/\/www.unionbelge.be\/index.php?rest_route=\/wp\/v2\/posts"}],"about":[{"href":"https:\/\/www.unionbelge.be\/index.php?rest_route=\/wp\/v2\/types\/post"}],"author":[{"embeddable":true,"href":"https:\/\/www.unionbelge.be\/index.php?rest_route=\/wp\/v2\/users\/2"}],"replies":[{"embeddable":true,"href":"https:\/\/www.unionbelge.be\/index.php?rest_route=%2Fwp%2Fv2%2Fcomments&post=10491"}],"version-history":[{"count":6,"href":"https:\/\/www.unionbelge.be\/index.php?rest_route=\/wp\/v2\/posts\/10491\/revisions"}],"predecessor-version":[{"id":10498,"href":"https:\/\/www.unionbelge.be\/index.php?rest_route=\/wp\/v2\/posts\/10491\/revisions\/10498"}],"wp:attachment":[{"href":"https:\/\/www.unionbelge.be\/index.php?rest_route=%2Fwp%2Fv2%2Fmedia&parent=10491"}],"wp:term":[{"taxonomy":"category","embeddable":true,"href":"https:\/\/www.unionbelge.be\/index.php?rest_route=%2Fwp%2Fv2%2Fcategories&post=10491"},{"taxonomy":"post_tag","embeddable":true,"href":"https:\/\/www.unionbelge.be\/index.php?rest_route=%2Fwp%2Fv2%2Ftags&post=10491"}],"curies":[{"name":"wp","href":"https:\/\/api.w.org\/{rel}","templated":true}]}}