{"id":10478,"date":"2016-08-07T18:15:09","date_gmt":"2016-08-07T17:15:09","guid":{"rendered":"http:\/\/www.unionbelge.be\/?p=10478"},"modified":"2016-08-07T22:17:44","modified_gmt":"2016-08-07T21:17:44","slug":"le-b-u-b-felicite-notre-heros-olympique-greg-van-avermaet-de-b-u-b-feliciteert-onze-olympische-held-greg-van-avermaet","status":"publish","type":"post","link":"https:\/\/www.unionbelge.be\/?p=10478","title":{"rendered":"LE B.U.B. FELICITE NOTRE HEROS OLYMPIQUE GREG VAN AVERMAET &#8211;  DE B.U.B. FELICITEERT ONZE OLYMPISCHE HELD GREG VAN AVERMAET"},"content":{"rendered":"<figure id=\"attachment_10479\" aria-describedby=\"caption-attachment-10479\" style=\"width: 300px\" class=\"wp-caption alignleft\"><a href=\"https:\/\/www.unionbelge.be\/?attachment_id=10479\" rel=\"attachment wp-att-10479\"><img loading=\"lazy\" decoding=\"async\" class=\"size-medium wp-image-10479\" src=\"https:\/\/www.unionbelge.be\/wp-content\/uploads\/2016\/08\/media_xll_8947766-300x169.jpg\" alt=\"bron-source: hln.be, \u00a9 belga\" width=\"300\" height=\"169\" data-wp-pid=\"10479\" srcset=\"https:\/\/www.unionbelge.be\/wp-content\/uploads\/2016\/08\/media_xll_8947766-300x169.jpg 300w, https:\/\/www.unionbelge.be\/wp-content\/uploads\/2016\/08\/media_xll_8947766.jpg 510w\" sizes=\"auto, (max-width: 300px) 100vw, 300px\" \/><\/a><figcaption id=\"caption-attachment-10479\" class=\"wp-caption-text\">bron-source: hln.be, \u00a9 belga<\/figcaption><\/figure>\n<p><strong>L&#8217;EXPLOIT OLYMPIQUE INOUBLIABLE DE VAN AVERMAET<br \/>\n<\/strong><\/p>\n<p><strong>Le 6 ao\u00fbt 2016 sera \u00e0 tout jamais une date historique dans l&#8217;histoire du cyclisme et du sport\u00a0belge. En effet, contre\u00a0toute attente, notre\u00a0compatriote Greg Van Avermaet a\u00a0remport\u00e9 la m\u00e9daille d&#8217;or olympique\u00a0dans l\u2019\u00e9preuve masculine de cyclisme sur route.\u00a0Il s&#8217;agit d&#8217;une prestation extraordinaire. Pour preuve:\u00a0la derni\u00e8re m\u00e9daille d&#8217;or belge dans la m\u00eame discipline fut d\u00e9croch\u00e9e par le d\u00e9funt Andr\u00e9\u00a0Noyelle aux Jeux Olympiques\u00a0(JO)\u00a0de Helsinki en 1952.<\/strong><\/p>\n<p>La m\u00e9daille que Van Avermaet\u00a0a remport\u00e9e pour la Belgique\u00a0est d&#8217;autant plus impressionnante\u00a0lorsque l&#8217;on prend en compte le parcours extr\u00eamement difficile de\u00a0cette \u00e9preuve en ligne. Selon le <em>Frankfurter Allgemeine Zeitung<\/em> et d&#8217;autres m\u00e9dias allemands\u00a0(06.08.16), il s&#8217;agissait m\u00eame\u00a0de la course la plus dure de l&#8217;histoire des JO (la premi\u00e8re course cycliste olympique \u00e9tant organis\u00e9e en 1900).<\/p>\n<p>En d\u00e9pit de la communautarisation aussi absurde que scandaleuse de la politique des sports en 1980, d\u00e9favorisant nos athl\u00e8tes vis-\u00e0-vis de ceux des autres pays qui m\u00e8nent tous sans exception une politique sportive unitaire, Van Avermaet a r\u00e9alis\u00e9 un exploit ph\u00e9nom\u00e9nal. Le B.U.B. rend donc honneur \u00e0 ce grand Belge, qui a r\u00e9alis\u00e9 un exploit que m\u00eame Eddy Merkcx, le plus grand coureur (belge) de tous les temps, n\u2019a jamais pu r\u00e9aliser.<\/p>\n<p>&nbsp;<\/p>\n<p><strong>DE SCHITTERENDE OLYMPISCHE PRESTATIE VAN VAN AVERMAET<br \/>\n<\/strong><\/p>\n<p><strong>6 augustus 2016 zal voor altijd een historische dag blijven in de geschiedenis van het Belgisch wielrennen en van de Belgische sport. Tegen alle verwachtingen in heeft onze landgenoot\u00a0Greg Van Avermaet de olympische\u00a0gouden medaille behaald in het wielrennen voor de mannen op de weg. Dat het om een buitengewone\u00a0prestatie gaat, wordt bewezen door het feit\u00a0dat de laatste Belg die in deze discipline goud haalde\u00a0wijlen Andr\u00e9 Noyelle was\u00a0op de Olympische Spelen (OS)\u00a0van Helsinki in 1952.<\/strong><\/p>\n<p>De medaille die Van Avermaet voor Belgi\u00eb behaalde is des te indrukwekkender wanneer men zich rekenschap geeft van het ongemeen zware parcours van deze wegrit.\u00a0Volgens\u00a0de\u00a0<em>Frankfurter Allgemeine Zeitung<\/em> en andere Duitse media (06.08.16) ging het zelfs\u00a0om de zwaarste rit uit de geschiedenis van de OS (de eerste olympische wegrit vond in 1900\u00a0plaats).<\/p>\n<p>Ondanks de even absurde als schandalige communautarisering van het sportbeleid in 1980 waardoor onze atleten\u00a0benadeeld worden t.o.v. die uit andere landen, die zonder uitzondering een unitair sportbeleid voeren, heeft Van Avermaet een schitterende prestatie geleverd. De B.U.B. brengt dan ook hulde aan deze grote Belg, die presteerde wat zelfs Eddy Merckx, de grootste (Belgische) wielrenner aller tijden, nooit heeft gekund<\/p>\n","protected":false},"excerpt":{"rendered":"<p>Le 6 ao\u00fbt 2016 sera \u00e0 tout jamais une date historique dans l&#8217;histoire du cyclisme et du sport belge. En effet, contre toute attente, notre compatriote Greg Van Avermaet a remport\u00e9 la m\u00e9daille d&#8217;or olympique dans l\u2019\u00e9preuve masculine de cyclisme sur route.<\/p>\n<p>6 augustus 2016 zal voor altijd een historische dag blijven in de geschiedenis van het Belgisch wielrennen en van de Belgische sport. Tegen alle verwachtingen in heeft onze landgenoot Greg Van Avermaet de olympische gouden medaille behaald in het wielrennen voor de mannen op de weg. <\/p>\n","protected":false},"author":2,"featured_media":0,"comment_status":"closed","ping_status":"closed","sticky":false,"template":"","format":"standard","meta":{"ngg_post_thumbnail":0,"jetpack_post_was_ever_published":false,"_jetpack_newsletter_access":"","_jetpack_dont_email_post_to_subs":false,"_jetpack_newsletter_tier_id":0,"_jetpack_memberships_contains_paywalled_content":false,"powered_cache_disable_cache":false,"_jetpack_memberships_contains_paid_content":false,"footnotes":"","jetpack_publicize_message":"","jetpack_publicize_feature_enabled":true,"jetpack_social_post_already_shared":true,"jetpack_social_options":{"image_generator_settings":{"template":"highway","default_image_id":0,"font":"","enabled":false},"version":2}},"categories":[1],"tags":[],"class_list":["post-10478","post","type-post","status-publish","format-standard","hentry","category-news0"],"jetpack_publicize_connections":[],"jetpack_featured_media_url":"","jetpack_sharing_enabled":true,"jetpack_shortlink":"https:\/\/wp.me\/p6Y7u0-2J0","jetpack_likes_enabled":false,"_links":{"self":[{"href":"https:\/\/www.unionbelge.be\/index.php?rest_route=\/wp\/v2\/posts\/10478","targetHints":{"allow":["GET"]}}],"collection":[{"href":"https:\/\/www.unionbelge.be\/index.php?rest_route=\/wp\/v2\/posts"}],"about":[{"href":"https:\/\/www.unionbelge.be\/index.php?rest_route=\/wp\/v2\/types\/post"}],"author":[{"embeddable":true,"href":"https:\/\/www.unionbelge.be\/index.php?rest_route=\/wp\/v2\/users\/2"}],"replies":[{"embeddable":true,"href":"https:\/\/www.unionbelge.be\/index.php?rest_route=%2Fwp%2Fv2%2Fcomments&post=10478"}],"version-history":[{"count":1,"href":"https:\/\/www.unionbelge.be\/index.php?rest_route=\/wp\/v2\/posts\/10478\/revisions"}],"predecessor-version":[{"id":10480,"href":"https:\/\/www.unionbelge.be\/index.php?rest_route=\/wp\/v2\/posts\/10478\/revisions\/10480"}],"wp:attachment":[{"href":"https:\/\/www.unionbelge.be\/index.php?rest_route=%2Fwp%2Fv2%2Fmedia&parent=10478"}],"wp:term":[{"taxonomy":"category","embeddable":true,"href":"https:\/\/www.unionbelge.be\/index.php?rest_route=%2Fwp%2Fv2%2Fcategories&post=10478"},{"taxonomy":"post_tag","embeddable":true,"href":"https:\/\/www.unionbelge.be\/index.php?rest_route=%2Fwp%2Fv2%2Ftags&post=10478"}],"curies":[{"name":"wp","href":"https:\/\/api.w.org\/{rel}","templated":true}]}}