{"id":10443,"date":"2016-07-19T22:52:57","date_gmt":"2016-07-19T21:52:57","guid":{"rendered":"http:\/\/www.unionbelge.be\/?p=10443"},"modified":"2016-07-20T21:35:05","modified_gmt":"2016-07-20T20:35:05","slug":"revolte-iconoclaste-chez-les-liberaux-beeldenstorm-bij-de-liberalen","status":"publish","type":"post","link":"https:\/\/www.unionbelge.be\/?p=10443","title":{"rendered":"REVOLTE ICONOCLASTE* CHEZ LES LIBERAUX  &#8211; BEELDENSTORM BIJ DE LIBERALEN"},"content":{"rendered":"<figure id=\"attachment_10444\" aria-describedby=\"caption-attachment-10444\" style=\"width: 178px\" class=\"wp-caption alignleft\"><a href=\"https:\/\/www.unionbelge.be\/?attachment_id=10444\" rel=\"attachment wp-att-10444\"><img loading=\"lazy\" decoding=\"async\" class=\"size-medium wp-image-10444\" src=\"https:\/\/www.unionbelge.be\/wp-content\/uploads\/2016\/07\/1968-PVV-178x300.jpg\" alt=\"Le PVV-PLP en 1968: un parti unitariste, luttant pour la paix linguistique - de PVV-PLP in 1968: een unitaristische partij die het opnam voor de taalvrede; bron-source: http:\/\/www.liberaalarchief.be\/afb\/1968-PVV.jpg\" width=\"178\" height=\"300\" data-wp-pid=\"10444\" srcset=\"https:\/\/www.unionbelge.be\/wp-content\/uploads\/2016\/07\/1968-PVV-178x300.jpg 178w, https:\/\/www.unionbelge.be\/wp-content\/uploads\/2016\/07\/1968-PVV-300x504.jpg 300w, https:\/\/www.unionbelge.be\/wp-content\/uploads\/2016\/07\/1968-PVV.jpg 345w\" sizes=\"auto, (max-width: 178px) 100vw, 178px\" \/><\/a><figcaption id=\"caption-attachment-10444\" class=\"wp-caption-text\">Le PVV-PLP en 1968: un parti unitariste, luttant pour la paix linguistique &#8211; de PVV-PLP in 1968: een unitaristische partij die het opnam voor de taalvrede; bron-source: http:\/\/www.liberaalarchief.be\/afb\/1968-PVV.jpg<\/figcaption><\/figure>\n<p><strong>LES LIBERAUX SONT SUR LA BONNE VOIE<br \/>\n<\/strong><\/p>\n<p><strong>Le 14 juillet 2016, le ministre Alexandre De Croo (VLD) lan\u00e7a un plaidoyer en faveur d\u2019une ref\u00e9d\u00e9ralisation de comp\u00e9tences. Un jour apr\u00e8s, deux bourgmestres braban\u00e7ons et\u00a0lib\u00e9raux, un d\u00e9put\u00e9 f\u00e9d\u00e9ral, Tim Vandenput (VLD,\u00a0Hoeilaert), et un d\u00e9put\u00e9 &#8216;wallon&#8217;, Cristophe Dister (MR, La Hulpe) ont annonc\u00e9 le lancement d\u2019un nouveau mouvement pro-belge (PLAN BE)\u00a0qui entend renforcer le pouvoir f\u00e9d\u00e9ral. C\u2019est du jamais vu chez les particrates. Un vrai \u00ab\u00a0beeldenstorm\u00a0\u00bb lib\u00e9ral.<\/strong><\/p>\n<p>Depuis un certain temps, les opinions sur la structure id\u00e9ale de l\u2019Etat \u00e9voluent dans un sens positif. Suite aux attentats de Paris du 13 novembre 2015 et de Bruxelles du 22 mars 2016,les faiblesses du f\u00e9d\u00e9ralisme linguistique sont apparues au grand jour. Les failles dans le syst\u00e8me de s\u00e9curit\u00e9 belge caus\u00e9es par un manque de financement au niveau f\u00e9d\u00e9ral furent d\u00e9j\u00e0 critiqu\u00e9es vivement par les m\u00e9dias \u00e9trangers, voire belges. Il en \u00e9tait de m\u00eame suite \u00e0 l\u2019accord tr\u00e8s tardif conclu entre les r\u00e9gions sur le point de vue commun \u00e0 adopter par la Belgique \u00e0 la conf\u00e9rence internationale sur le climat \u00e0 Paris fin novembre 2015. C\u2019est la premi\u00e8re fois depuis la r\u00e9gionalisation de notre pays en 1970 que la particratie elle-m\u00eame commence \u00e0 critiquer son propre syst\u00e8me qui \u00e9tait soi-disant destin\u00e9 \u00e0 am\u00e9liorer le fonctionnement de la Belgique.\u00a0<strong>L\u2019erreur institutionnelle fut grotesque\u00a0!<\/strong><\/p>\n<p>D\u00e9j\u00e0 le 6 janvier 2016, le vice-premier Alexander De Croo avait mis en cause l\u2019utilit\u00e9 du f\u00e9d\u00e9ralisme en se demandant ce que les r\u00e9formes de l\u2019Etat ont bien pu apporter de bon\u00a0: \u00ab <i>elles absorbent \u00e9norm\u00e9ment d\u2019\u00e9nergie et si vous observez aujourd\u2019hui les derni\u00e8res \u00e9tapes, il faut se poser la question de savoir si ces r\u00e9formes m\u00e8nent \u00e0 une meilleure politique au niveau r\u00e9gional qui\u00a0est plus coh\u00e9rente par rapport\u00a0\u00e0 ce que souhaitent les gens. En r\u00e9alit\u00e9, je n\u2019en suis plus convaincu<\/i>\u00a0\u00bb. Ensuite, la pr\u00e9sidente du VLD, Gwendolyn Rutten, avait d\u00e9clar\u00e9, \u00e0 l\u2019occasion des v\u0153ux de nouvel an de son parti \u00a0le 18 janvier 2016, que celui-ci ne voulait rien entendre d\u2019une nouvelle r\u00e9forme de l\u2019Etat en 2019.\u00a0 Le 25 janvier 2016, il ressortait d\u2019une \u00e9tude universitaire (VUB-UCL-ULG) qu\u2019il existe une volont\u00e9 de ref\u00e9d\u00e9ralisation parmi un grand nombre de parlementaires.<\/p>\n<p>Maintenant, selon Rutten, il y aurait une r\u00e9fl\u00e9ction en cours sur le th\u00e8me au sein du parti, notamment dans des groupes de travail. De Croo a confirm\u00e9 \u00e9galement qu\u2019 un groupe de travail au sein de son parti \u00e9tudie ces pr\u00e9occupations\u00a0:<i> \u00ab\u00a0nous disons qu\u2019il faut cesser d\u2019\u00e9viter la discussion sur des choses aussi essentielles et \u00e9videntes<\/i>\u201d. Une journaliste du <i>Soir, en parfait style particratique,<\/i> a ensuite sugg\u00e9r\u00e9 qu\u2019une telle r\u00e9forme serait ouvrir la bo\u00eete de Pandore. La r\u00e9ponse de De Croo fut cinglante: \u201c<i>Quoi, c\u2019est mieux de malmener notre a\u00e9roport, de voir grossir les bouchons, de se faire montrer du doigt \u00e0 Paris parce qu\u2019on n\u2019est pas d\u2019accord entre nous sur le Climat ?\u00a0 Nous devons refaire fonctionner correctement ce pays dans toute une s\u00e9rie de domaines, en recentralisant certaines comp\u00e9tences. Je ne veux pas me positionner par rapport \u00e0 l\u2019un ou l\u2019autre parti<\/i> [notamment la N-VA], <i>ce n\u2019est pas le moment, mais je dis que les gens en ont un peu marre des discours qui divisent et des dogmatismes<\/i>. [\u2026]\u201d.<\/p>\n<p>Plan BE lancera son propre site web, un blog, un appel dans les m\u00e9dias sociaux et une participation citoyenne. Le duo r\u00e9coltera en effet des t\u00e9moignages de Belges qui ont \u00e9t\u00e9 frapp\u00e9s par les cons\u00e9quences de notre structure \u00e9tatique \u201ccompliqu\u00e9e, lente et ch\u00e8re\u201d. Selon Christophe Dister, PLAN BE organisera lui-m\u00eame des colloques et parlera aux gens qui ne sont pas impliqu\u00e9s dans la politique. \u2018<i>Nous ne subissons plus avec r\u00e9signation l\u2019\u00e9parpillement et l\u2019inefficacit\u00e9, mais for\u00e7ons un nouveau d\u00e9but<\/i>\u2019 (DS, 14.07.16).<\/p>\n<p>Quant \u00e0 lui, M. De Croo estime <i>&#8221;qu&#8217;\u00e0 chaque fois qu&#8217;il est question d&#8217;une nouvelle r\u00e9forme de l&#8217;Etat, on secoue l&#8217;arbre f\u00e9d\u00e9ral pour voir quelles comp\u00e9tences\u00a0pourraient tomber sur le sol r\u00e9gional. Il faut sortir de cette discussion dogmatique et st\u00e9rile avec, d&#8217;un c\u00f4t\u00e9 les &#8221;Flamands&#8221; qui veulent r\u00e9gionaliser des comp\u00e9tences et, de l&#8217;autre c\u00f4t\u00e9 les francophones qui ne le souhaitent pas. L&#8217;objectif premier, cela doit \u00eatre l&#8217;efficacit\u00e9. Il faut rendre la vie du citoyen et de nos entreprises plus simple, pas plus compliqu\u00e9e<\/i>&#8221; (<i>L&#8217;Echo<\/i>, 13 juillet 2016).<\/p>\n<p>Le <i>Standaard<\/i> du 13.07.16 pr\u00e9cisa que\u00a0le VLD n&#8217;est pas du tout partie prenante pour scinder davantage de comp\u00e9tences mais que ce parti souhaite, au contraire, ref\u00e9d\u00e9raliser\u00a0des comp\u00e9tences. Quant au MR, le parti dit ne pas \u00eatre demandeur d\u2019une nouvelle r\u00e9forme de l\u2019Etat. Toutefois, on pouvait lire dans <i>Le Soir<\/i> (14.07.16)\u00a0: \u201c<i>Si d\u2019aventure, des revendications institutionnelles s\u2019imposent \u00e0 la table des n\u00e9gociations gouvernementales, en 2019, les lib\u00e9raux francophones pourraient alors mettre la ref\u00e9d\u00e9ralisation de certaines comp\u00e9tences sur la table. Exemples le plus souvent cit\u00e9s en haut lieu : l\u2019\u00e9nergie, le commerce ext\u00e9rieur, les maisons de justice\u2026<\/i>\u201d. Il s\u2019agit donc \u00e9galement d\u2019une question strat\u00e9gique. Le MR sait que la N-VA et probablement aussi le CD&amp;V n\u2019accepteront jamais la moindre ref\u00e9d\u00e9ralisation. Mais pourquoi les partis francophones n\u2019ont-ils pas adopt\u00e9 la m\u00eame strat\u00e9gie en 2007 pour \u00e9viter ou adoucir la sixi\u00e8me r\u00e9forme de l\u2019Etat\u00a0? Une chose est s\u00fbre\u00a0: ils ont maintenant un alli\u00e9 n\u00e9erlandophone.<\/p>\n<p>Le VLD voudrait donc ref\u00e9d\u00e9raliser\u00a0de vastes plans de comp\u00e9tences:<\/p>\n<ul>\n<li><strong>la politique de la mobilit\u00e9<\/strong>,\u00a0y compris les travaux publics<\/li>\n<li><strong>le climat et l&#8217;environnement<\/strong><\/li>\n<li><strong>l&#8217;\u00e9nergie\u00a0<\/strong><\/li>\n<li><strong>la r\u00e9novation rurale et la conservation de la nature<\/strong>\u00a0(\u00e9voqu\u00e9 par M. Vandenput)<\/li>\n<li><strong>les\u00a0relations ext\u00e9rieures<\/strong>\u00a0et donc e.a. le commerce ext\u00e9rieur, le tourisme<\/li>\n<li><strong>la s\u00e9curit\u00e9 et la pr\u00e9vention<\/strong>, c.-\u00e0-d. le fonds des calamit\u00e9s, la protection de la jeunesse, l&#8217;aide juridique de premi\u00e8re ligne et les maisons de justice<\/li>\n<li>Dans la foul\u00e9e,\u00a0<strong>d\u2019autres comp\u00e9tences\u00a0ont \u00e9t\u00e9 cit\u00e9es<\/strong>,\u00a0notamment e.a. les\u00a0t\u00e9l\u00e9communications\u00a0(message\u00a0de De Croo\u00a0sur les m\u00e9dias sociaux du\u00a013 juillet 2016).<\/li>\n<\/ul>\n<p><span style=\"text-decoration: underline;\"><strong>Il est \u00e9vident qu&#8217;une telle r\u00e9forme de l&#8217;Etat affaiblirait de mani\u00e8re consid\u00e9rable les r\u00e9gions.\u00a0<\/strong><\/span>Ceux-ci resteraient toutefois\u00a0comp\u00e9tentes pour l&#8217;am\u00e9nagement du territoire, le logement, l&#8217;agriculture, l&#8217;\u00e9conomie r\u00e9gionale, les pouvoirs subordonn\u00e9s, le bien-\u00eatre des animaux et une partie de la politique de l&#8217;emploi.<\/p>\n<p>Quelle a \u00e9t\u00e9 la r\u00e9action des autres partis? Sans surprise, la N-VA rejette toutes ces propositions. Wouter Beke, le pr\u00e9sident tr\u00e8s flamingant du CD&amp;V les rejette \u00e9galement. N\u00e9anmoins, le CD&amp;V ne serait pas demandeur d\u2019une septi\u00e8me r\u00e9forme de l\u2019Etat en 2019, selon Verherstraeten. Cela n\u2019emp\u00eache que Kris Peeters avait d\u00e9j\u00e0 affirm\u00e9 en 2013 qu\u2019une telle r\u00e9forme serait n\u00e9cessaire.<\/p>\n<p>Quant au cdH, le chef de fil du parti \u00e0 la Chambre, Mme Fonck, affirme que son parti n\u2019est pas \u00ab\u00a0<i>demandeur d\u2019une r\u00e9forme de l\u2019Etat mais quand j\u2019entends les uns et les autres, et connaissant l\u2019existence d\u2019un cahier Atoma<\/i> [cit\u00e9 par le site internet Apache.be, Jan Jambon avait fait \u00e9tat en novembre 2014 de l&#8217;existence d&#8217;accords secrets en vue d&#8217;une future r\u00e9vision de la Constitution consign\u00e9s dans des cahiers Atoma, B.U.B.], <i>et la volont\u00e9 de la N-VA de pr\u00e9cipiter la fin de la Belgique, on ferait mieux d\u2019aller vers une plus grande efficacit\u00e9 des politiques, et donc ref\u00e9d\u00e9raliser, en commen\u00e7ant par cibler les mati\u00e8res, par exemple le climat et la mobilit\u00e9\u00a0<\/i>\u00bb.<\/p>\n<p>Groen (et donc probablement aussi Ecolo) se montre favorable \u00e0 des ref\u00e9d\u00e9ralisations. Joris Vandenbroucke, le chef de fil du sp.a au parlement \u00ab\u00a0flamand\u00a0\u00bb, n\u2019est en soi pas oppos\u00e9 \u00e0 une ref\u00e9d\u00e9ralisation de certaines comp\u00e9tences, mais selon lui la question ne serait pas \u00e0 l\u2019ordre du jour. Le PS en revanche indique ne pas \u00eatre demandeur d\u2019une nouvelle reforme de l\u2019Etat. Quant au PTB, on sait que ce parti est quasiment unitariste.<\/p>\n<p><strong>Le B.U.B. veut \u00e9videmment aller plus loin et supprimer toutes les r\u00e9formes de l\u2019Etat, mais notre parti salue aussi cette initiative des partis lib\u00e9raux, m\u00eame si le VLD et le MR restent des partis unilingues avec pas mal de r\u00e9gionalistes dans leurs rangs. Toutefois, l\u2019efficacit\u00e9 n\u2019est pas la seule raison pour ref\u00e9d\u00e9raliser massivement des comp\u00e9tences. Il y a aussi le co\u00fbt exorbitant du syst\u00e8me f\u00e9d\u00e9ral (10 milliards d\u2019euros par an en frais directs en indirects), sa complexit\u00e9, les discriminations entre Belges qu\u2019il cr\u00e9e, son effet d\u00e9stabilisateur sur l\u2019unit\u00e9 de la Belgique, son caract\u00e8re anti-d\u00e9mocratique (notamment cr\u00e9\u00e9 sans r\u00e9f\u00e9rendum), voire anti-europ\u00e9en et antihumaniste.<\/strong><\/p>\n<p><i>*L\u2019iconoclasme dans le sens traditionnel du terme signifie la destruction d\u00e9lib\u00e9r\u00e9e d&#8217;images, notamment de repr\u00e9sentations religieuses de type figuratif pour des motifs religieux ou politiques.<\/i><\/p>\n<p>&nbsp;<\/p>\n<figure id=\"attachment_10445\" aria-describedby=\"caption-attachment-10445\" style=\"width: 300px\" class=\"wp-caption alignleft\"><a href=\"https:\/\/www.unionbelge.be\/?attachment_id=10445\" rel=\"attachment wp-att-10445\"><img loading=\"lazy\" decoding=\"async\" class=\"size-medium wp-image-10445\" src=\"https:\/\/www.unionbelge.be\/wp-content\/uploads\/2016\/07\/1213848587_B979208723Z.1_20160714113930_000_G2J77IT20.3-0-300x200.jpg\" alt=\"Cristophe Dister (\u00e0 gauche), et Tim Vandenput (\u00e0 droite), lancent un Plan BE \u00a9 Joakeem Carmans\/Le Soir - Cristophe Dister ( links), en Tim Vandenput (rechts), lanceren een plan BE \u00a9 Joakeem Carmans\/Le Soir \" width=\"300\" height=\"200\" data-wp-pid=\"10445\" \/><\/a><figcaption id=\"caption-attachment-10445\" class=\"wp-caption-text\">Cristophe Dister (\u00e0 gauche), et Tim Vandenput (\u00e0 droite), lancent un Plan BE \u00a9 Joakeem Carmans\/Le Soir &#8211; Cristophe Dister ( links), en Tim Vandenput (rechts), lanceren een plan BE \u00a9 Joakeem Carmans\/Le Soir<\/figcaption><\/figure>\n<p><strong>DE LIBERALEN ZIJN OP DE GOEDE WEG<br \/>\n<\/strong><\/p>\n<p><strong>Op 14 juli 2016 brak minister Alexander\u00a0De Croo (VLD) een lans voor een herfederalisering van bevoegdheden. De dag nadien kondigden twee Brabantse en liberale burgemeesters, een federale volksvertegenwoordiger\u00a0Tim Vandenput (VLD, Hoeilaart), en een &#8216;Waalse&#8217;\u00a0afgevaardigde\u00a0Cristophe Dister (Terhulpen) de lancering van een nieuwe pro-Belgische beweging (PLAN BE) aan, die beoogt het federale niveau te beschermen. Dit is nooit eerder vertoond\u00a0bij de particraten; een ware liberale \u201cBeeldenstorm\u201d.\u00a0\u00a0<\/strong><\/p>\n<p>De laatste tijd evolueert de opinie over de ideale staatsstructuur in een gunstige richting. Volgend op de aanslagen in Parijs van 13 november 2015 en van Brussel van 22 maart 2016 werden de zwakheden van het taalfederalisme op een pijnlijke wijze blootgelegd.\u00a0\u00a0De gebreken in het Belgische veiligheidsbestel, veroorzaakt door een onderfinanciering van het federale niveau,\u00a0werden reeds heftig bekritiseerd, niet alleen door de buitenlandse, maar zelfs door de Belgische pers. Hetzelfde was het geval bij het laattijdig akkoord, dat tussen de regio\u2019s afgesloten werd m.b.t. het gezamenlijk Belgisch standpunt op de internationale klimaatconferentie die eind november 2015 te Parijs plaatsvond.<\/p>\n<p>Dit is de eerste keer sedert de regionalisering van ons land in 1970 dat de particratie zelf haar eigen systeem begint te bekritiseren. Dat systeem beoogde Belgi\u00eb zogezegd beter te doen functioneren.\u00a0\u00a0<strong>De institutionele vergissing was enorm\u00a0!\u00a0<\/strong><\/p>\n<p>Reeds op\u00a06 januari\u00a02016 had vice-premier\u00a0Alexander De Croo het\u00a0nut van het federalisme in twijfel getrokken door zich af te vragen\u00a0wat de staatshervormingen nu eigenlijk opleverden: \u201c<i>er kruipt onwaarschijnlijk veel energie in en als je nu kijkt naar de laatste stappen: leidt het er toe dat je dan op regionaal niveau een beter beleid kan voeren, dat coherenter is met wat de mensen willen? <\/i><i>Ik ben er eigenlijk niet meer van overtuigd<\/i>\u201c. Vervolgens, had de voorzitter van de\u00a0VLD,\u00a0Gwendolyn\u00a0Rutten, n.a.v.\u00a0haar nieuwjaarstoespraak van 18 januari 2016\u00a0verklaard dat haar partij van een nieuwe staatshervorming in 2019 niets wou weten.\u00a0Op 25 januari\u00a02016\u00a0bleek uit een universitaire studie\u00a0(VUB-UCL-ULG) dat er een wil tot herfederalisering bestaat bij een groot deel van de parlementsleden.<\/p>\n<p>Volgens\u00a0Rutten zou er op heden over het thema binnen de partij in werkgroepen nagedacht worden.\u00a0\u00a0\u00a0Ook De Croo bevestigt dat een werkgroep zich binnen de schoot van de partij over deze bekomernissen buigt:<i>\u00a0\u00ab\u00a0volgens ons moet men stoppen met de discussie over zaken die zo essentieel en evident zijn uit de weg te gaan<\/i>\u201d.\u00a0Een\u00a0journaliste van <i>Le<\/i>\u00a0<i>Soir, <\/i>suggereerde op een volmaakt particratische wijze dat dergelijke hervorming zou betekenen dat de doos van Pandora geopend zou worden. Het antwoord van De Croo was\u00a0 scherp: \u201c<i>Hoezo, is het soms beter onze luchthaven te laten verloederen, de files te zien toenemen, ons\u00a0in Parijs te laten berispen omdat we het onderling niet eens worden over het klimaat? We moeten dit land correct laten functioneren in een hele resem bevoegdheden, door er enkele opnieuw te centraliseren. <\/i><i>Ik wil me niet tegen deze of gene partij\u00a0<\/i>[m.n. la N-VA]<i>,\u00a0positioneren\u00a0daar is het het moment niet voor, maar ik zeg dat de mensen een beetje genoeg hebben van splitsingsproza en dogma&#8217;s <\/i>[\u2026]\u201d.<\/p>\n<p>Plan BE zal zijn eigen website oprichten, een blog opstarten, een oproep op de sociale media lanceren en de burgers laten meespreken. Het duo zal immers getuigenissen verzamelen van Belgen die getroffen werden door de gevolgen van onze &#8216;ingewikkelde, trage en dure&#8217; staatsstructuur. Volgens\u00a0\u00a0Christophe\u00a0Dister zal\u00a0PLAN BE zelf colloquia organiseren en mensen die niet bij de politiek betrokken zijn, aanspreken.\u00a0\u2018<i>Wij ondergaan niet langer gelaten de versnippering en ineffici\u00ebntie, maar forceren een nieuwe start\u00a0<\/i>(DS, 14.07.16).<\/p>\n<p>Alexander De Croo meent dan weer\u00a0<i>&#8221;dat telkenmale er sprake is van een nieuwe staatshervorming, men aan de federale boom schudt om te kijken welke bevoegdheden er op regionale grond zouden kunnen vallen. <\/i><i>We moeten die dogmatische en steriele discussie met enerzijds &#8221;Vlamingen&#8221; die bevoegdheden willen regionaliseren en anderzijds Franstaligen die dat niet willen, verlaten. <\/i><i>Het eerste doel moet effici\u00ebntie zijn. <\/i><i>Het leven van de burgers en van onze bedrijven moet vereenvoudigd worden\u00a0en niet nog ingewikkelder gemaakt worden<\/i>&#8221; (<i>L&#8217;Echo<\/i>, 13 juli 2016).<\/p>\n<p><i>De<\/i>\u00a0<i>Standaard<\/i>\u00a0van 13.07.16 vermeldde dat de\u00a0VLD helemaal geen vragende partij is om meer bevoegdheden te splitsen. De partij wil, integendeel, bevoegdheden herfederaliseren. Wat de MR betreft, blijkt de partij geen voorstander te zijn van een nieuwe staatshervorming. Nochtans kon men het volgende in\u00a0<i>Le Soir<\/i>\u00a0(14.07.16) lezen\u00a0:\u00a0<i>\u201cIndien desalniettemin institutionele eisen op de tafel van de regeringsonderhandelingen gegooid worden in 2019, zouden de Franstalige liberalen de herfederalisering van bepaalde bevoegdheden kunnen vragen. Voorbeelden die in hoge partijkringen het meest\u00a0geciteerd worden\u00a0\u00a0zijn energie, buitenlandse handel, de justitiehuizen&#8230;&#8221;. <\/i>Het\u00a0betreft dus ook een strategische kwestie. De MR weet immers dat de N-VA en waarschijnkijk ook de CD&amp;V nooit de minste herfederalidering zullen aanvaarden. Waarom echter hebben de Franstalige partijen in 2007 niet\u00a0dezelde strategie toegepast om de zesde staatshervorming te vermijden of te milderen ? E\u00e9n zaak is zeker: ze hebben nu een Nederlandstalige bondgenoot.<\/p>\n<p>De VLD zou dus een ruim pakket aan bevoegdheden willen herfederaliseren:<\/p>\n<ul>\n<li><strong>mobiliteitsbeleid<\/strong> m.i.v. openbare werken<\/li>\n<li><strong>klimaat en milieu<\/strong><\/li>\n<li><strong>energie <\/strong><\/li>\n<li><strong>landinrichting en natuurbehoud<\/strong> (aangehaald door M. Vandenput)<\/li>\n<li><strong>buitenlands beleid<\/strong>\u00a0en\u00a0bijgevolg o.a. buitenlandse handel en toerisme<\/li>\n<li><strong>veiligheid en\u00a0preventie<\/strong>, d.w.z. het rampenfonds, jeugdbescherming, juridische eerstelijnsbijstand en justitiehuizen<\/li>\n<li>daarnaast werden ook\u00a0<strong>andere\u00a0bevoegdheden<\/strong> geciteerd, nl. o.a. telecommunicatie (bericht van De Croo op de sociale media d.d. 13 juli 2016).<\/li>\n<\/ul>\n<p><u><b>Natuurlijk zou een dergelijke staatshervorming de gewesten aanzienlijk verzwakken<\/b><\/u>.\u00a0Nochtans zouden die bevoegd blijven voor ruimtelijke ordening, woonbeleid, landbouw, streekeconomie, de ondergeschikte besturen, dierenwelzijn en een deel van het werkgelegenheidsbeleid.<\/p>\n<p>Wat was de reactie van de andere partijen? Uiteraard verwerpt de N-VA al deze voorstellen. Wouter Beke, de zeer flamingantische voorzitter van CD&amp;V, zit op dezelfde lijn. Nochtans zou CD&amp;V, volgens Verherstraeten,\u00a0geen vragende partij zijn voor een zevende staatshervorming in 2019, wat niet wegneemt dat Kris Peeters reeds in 2013 stelde dat een dergelijke hervorming nodig was.<\/p>\n<p>Wat de CDH betreft, bevestigde de fractieleider van de partij, Mevr. Fonck, dat haar partij geen vragende partij is voor een staatshervorming. Ze voegt er wel aan toe:\u00a0\u00a0\u00ab\u00a0<i>maar wanneer ik sommigen hoor en omdat er een atomaschrift bestaat\u00a0<\/i>\u00a0[in november\u00a02014 citeerde de internetsite\u00a0Apache.be Jan Jambon die gewag maakte van het bestaan van geheime akkoorden met het oog op een toekomstige grondwetsherziening, vastgelegd in\u00a0atomaschriftjes,\u00a0B.U.B.],\u00a0<i>en de wil van de N-VA om het einde van Belgi\u00eb te bespoedigen, zouden we beter streven naar een grotere politieke effici\u00ebntie en bijgevolg herfederaliseringen doorvoeren, door bepaalde materies te viseren, bijvoorbeeld klimaat en mobiliteit<\/i>\u00bb.<\/p>\n<p>Groen (en dus waarschijnlijk ook Ecolo) stelt zich gunstig op tegenover herfederaliseringen.\u00a0Joris Vandenbroucke, fractieleider van de sp.a in het &#8216;Vlaams&#8217; parlement, is in principe niet gekant tegen de herfederalisering\u00a0van sommige bevoegdheden, maar volgens hem zou de vraag niet aan de orde \u00a0zijn. De PS daarentegen geeft aan geen vragende partij voor een nieuwe staatshervorming te zijn. Van de PVDA is geweten dat deze partij bijna unitaristisch is.<\/p>\n<p><strong>Het spreekt voor zich dat de B.U.B. verder wil gaan en alle staatshervormingen ongedaan wil maken, maar onze partij juicht niettemin dit initiatief\u00a0\u00a0van de liberale partijen toe, niettegenstaande het feit dat de VLD en de MR eentalige partijen blijven met nogal wat regionalisten in hun rangen.\u00a0Effici\u00ebntie is wel niet de enige reden zijn voor een massale herfederalisering van bevoegdheden. Er is ook de buitensporige kost van het federaal bestel\u00a0(10 miljard euro per jaar aan directe en indirecte kosten), zijn complexiteit, de discriminaties tussen de Belgen die het cre\u00ebert, het destabiliserend effect ervan op de Belgische eenheid, zijn\u00a0antidemocratisch\u00a0gehalte (zonder referendum ingevoerd)\u00a0\u00a0en zelfs zijn anti-Europees en anti-humanistisch karakter.<\/strong><\/p>\n<p>&nbsp;<\/p>\n","protected":false},"excerpt":{"rendered":"<p>Le 14 juillet 2016, le ministre Alexandre De Croo (VLD) lan\u00e7a un plaidoyer en faveur d\u2019une ref\u00e9d\u00e9ralisation de comp\u00e9tences. Un jour apr\u00e8s, deux bourgmestres braban\u00e7ons et lib\u00e9raux, un d\u00e9put\u00e9 f\u00e9d\u00e9ral, Tim Vandenput (VLD, Hoeilaert), et un d\u00e9put\u00e9 &#8216;wallon&#8217;, Cristophe Dister (MR, La Hulpe) ont annonc\u00e9 le lancement d\u2019un nouveau mouvement pro-belge (PLAN BE) qui entend renforcer le pouvoir f\u00e9d\u00e9ral. C\u2019est du jamais vu chez les particrates. Un vrai \u00ab beeldenstorm \u00bb lib\u00e9ral.<\/p>\n<p>Op 14 juli 2016 brak minister Alexander De Croo (VLD) een lans voor een herfederalisering van bevoegdheden. De dag nadien kondigden twee Brabantse en liberale burgemeesters, een federale volksvertegenwoordiger Tim Vandenput (VLD, Hoeilaart), en een &#8216;Waalse&#8217; afgevaardigde Cristophe Dister (Terhulpen) de lancering van een nieuwe pro-Belgische beweging (PLAN BE) aan, die beoogt het federale niveau te beschermen. Dit is nooit eerder vertoond bij de particraten; een ware liberale \u201cBeeldenstorm\u201d. <\/p>\n","protected":false},"author":2,"featured_media":0,"comment_status":"closed","ping_status":"closed","sticky":false,"template":"","format":"standard","meta":{"ngg_post_thumbnail":0,"jetpack_post_was_ever_published":false,"_jetpack_newsletter_access":"","_jetpack_dont_email_post_to_subs":false,"_jetpack_newsletter_tier_id":0,"_jetpack_memberships_contains_paywalled_content":false,"powered_cache_disable_cache":false,"_jetpack_memberships_contains_paid_content":false,"footnotes":"","jetpack_publicize_message":"","jetpack_publicize_feature_enabled":true,"jetpack_social_post_already_shared":true,"jetpack_social_options":{"image_generator_settings":{"template":"highway","default_image_id":0,"font":"","enabled":false},"version":2}},"categories":[1,5],"tags":[],"class_list":["post-10443","post","type-post","status-publish","format-standard","hentry","category-news0","category-opinions"],"jetpack_publicize_connections":[],"jetpack_featured_media_url":"","jetpack_sharing_enabled":true,"jetpack_shortlink":"https:\/\/wp.me\/p6Y7u0-2Ir","jetpack_likes_enabled":false,"_links":{"self":[{"href":"https:\/\/www.unionbelge.be\/index.php?rest_route=\/wp\/v2\/posts\/10443","targetHints":{"allow":["GET"]}}],"collection":[{"href":"https:\/\/www.unionbelge.be\/index.php?rest_route=\/wp\/v2\/posts"}],"about":[{"href":"https:\/\/www.unionbelge.be\/index.php?rest_route=\/wp\/v2\/types\/post"}],"author":[{"embeddable":true,"href":"https:\/\/www.unionbelge.be\/index.php?rest_route=\/wp\/v2\/users\/2"}],"replies":[{"embeddable":true,"href":"https:\/\/www.unionbelge.be\/index.php?rest_route=%2Fwp%2Fv2%2Fcomments&post=10443"}],"version-history":[{"count":3,"href":"https:\/\/www.unionbelge.be\/index.php?rest_route=\/wp\/v2\/posts\/10443\/revisions"}],"predecessor-version":[{"id":10448,"href":"https:\/\/www.unionbelge.be\/index.php?rest_route=\/wp\/v2\/posts\/10443\/revisions\/10448"}],"wp:attachment":[{"href":"https:\/\/www.unionbelge.be\/index.php?rest_route=%2Fwp%2Fv2%2Fmedia&parent=10443"}],"wp:term":[{"taxonomy":"category","embeddable":true,"href":"https:\/\/www.unionbelge.be\/index.php?rest_route=%2Fwp%2Fv2%2Fcategories&post=10443"},{"taxonomy":"post_tag","embeddable":true,"href":"https:\/\/www.unionbelge.be\/index.php?rest_route=%2Fwp%2Fv2%2Ftags&post=10443"}],"curies":[{"name":"wp","href":"https:\/\/api.w.org\/{rel}","templated":true}]}}