{"id":10439,"date":"2016-07-17T22:26:04","date_gmt":"2016-07-17T21:26:04","guid":{"rendered":"http:\/\/www.unionbelge.be\/?p=10439"},"modified":"2016-07-18T21:57:29","modified_gmt":"2016-07-18T20:57:29","slug":"stand-b-u-b-21-07-2016","status":"publish","type":"post","link":"https:\/\/www.unionbelge.be\/?p=10439","title":{"rendered":"STAND B.U.B. 21.07.2016"},"content":{"rendered":"<p>Ook dit jaar zal de B.U.B. voor de Nationale Feestdag van 21 juli weer een stand in de Regentschapstraat in Brussel hebben om onze unitaristische partij te promoten. Graag verwelkomen wij u tussen 10 en 19 u tegenover de Zavelkerk !<\/p>\n<p>Aussi cette ann\u00e9e, le B.U.B. aura un stand le jour de la F\u00eate Nationale le 21 juillet rue de la R\u00e9gence \u00e0 Bruxelles pour promouvoir notre parti unitariste. Avec plaisir, nous vous accueillerons entre 10 et 19 h en face de l&#8217;\u00e9glise du Sablon !<\/p>\n<p>Auch dieses Jahr wird die B.U.B. einen Stand f\u00fcr den Nationalfeiertag am 21. Juli in der rue de la R\u00e9gence in Br\u00fcssel haben, um unsere unitaristische Partei zu f\u00f6rdern. Gerne verwillkommen wir Sie zwischen 10 und 19 Uhr gegen\u00fcber der Zavelkirche.<\/p>\n<p>De B.U.B. wenst U alvast een fijne Nationale Feestdag ! Le B.U.B. vous souhaite en tout cas une agr\u00e9able F\u00eate Nationale ! Die B.U.B. w\u00fcnscht Ihnen in jedem Fall ein frohlicher Nationalfeiertag !<\/p>\n<figure id=\"attachment_9830\" aria-describedby=\"caption-attachment-9830\" style=\"width: 1920px\" class=\"wp-caption aligncenter\"><a href=\"https:\/\/www.unionbelge.be\/?attachment_id=9830\" rel=\"attachment wp-att-9830\"><img loading=\"lazy\" decoding=\"async\" class=\"size-full wp-image-9830\" src=\"https:\/\/www.unionbelge.be\/wp-content\/uploads\/2015\/07\/DSC01146.jpg\" alt=\"vlnr - de gauche \u00e0 droite: Jean-Paul Stevens, J\u00e9r\u00e9my Charlier, Luc Claerhout\" width=\"1920\" height=\"1080\" data-wp-pid=\"9830\" srcset=\"https:\/\/www.unionbelge.be\/wp-content\/uploads\/2015\/07\/DSC01146.jpg 1920w, https:\/\/www.unionbelge.be\/wp-content\/uploads\/2015\/07\/DSC01146-420x236.jpg 420w, https:\/\/www.unionbelge.be\/wp-content\/uploads\/2015\/07\/DSC01146-800x450.jpg 800w, https:\/\/www.unionbelge.be\/wp-content\/uploads\/2015\/07\/DSC01146-300x168.jpg 300w, https:\/\/www.unionbelge.be\/wp-content\/uploads\/2015\/07\/DSC01146-1024x576.jpg 1024w, https:\/\/www.unionbelge.be\/wp-content\/uploads\/2015\/07\/DSC01146-1200x675-cropped.jpg 1200w\" sizes=\"auto, (max-width: 1920px) 100vw, 1920px\" \/><\/a><figcaption id=\"caption-attachment-9830\" class=\"wp-caption-text\">vlnr &#8211; de gauche \u00e0 droite: Jean-Paul Stevens, J\u00e9r\u00e9my Charlier, Luc Claerhout<\/figcaption><\/figure>\n","protected":false},"excerpt":{"rendered":"<p>Ook dit jaar zal de B.U.B. voor de Nationale Feestdag van 21 juli weer een stand in de Regentschapstraat in Brussel hebben om onze unitaristische partij te promoten. <\/p>\n<p>Aussi cette ann\u00e9e, le B.U.B. aura un stand le jour de la F\u00eate Nationale le 21 juillet rue de la R\u00e9gence \u00e0 Bruxelles pour promouvoir notre parti unitariste. <\/p>\n<p>Auch dieses Jahr wird die B.U.B. einen Stand f\u00fcr den Nationalfeiertag am 21. Juli in der rue de la R\u00e9gence in Br\u00fcssel haben, um unsere unitaristische Partei zu f\u00f6rdern. <\/p>\n","protected":false},"author":2,"featured_media":0,"comment_status":"closed","ping_status":"closed","sticky":false,"template":"","format":"standard","meta":{"ngg_post_thumbnail":0,"jetpack_post_was_ever_published":false,"_jetpack_newsletter_access":"","_jetpack_dont_email_post_to_subs":false,"_jetpack_newsletter_tier_id":0,"_jetpack_memberships_contains_paywalled_content":false,"powered_cache_disable_cache":false,"_jetpack_memberships_contains_paid_content":false,"footnotes":"","jetpack_publicize_message":"","jetpack_publicize_feature_enabled":true,"jetpack_social_post_already_shared":true,"jetpack_social_options":{"image_generator_settings":{"template":"highway","default_image_id":0,"font":"","enabled":false},"version":2}},"categories":[1],"tags":[],"class_list":["post-10439","post","type-post","status-publish","format-standard","hentry","category-news0"],"jetpack_publicize_connections":[],"jetpack_featured_media_url":"","jetpack_sharing_enabled":true,"jetpack_shortlink":"https:\/\/wp.me\/p6Y7u0-2In","jetpack_likes_enabled":false,"_links":{"self":[{"href":"https:\/\/www.unionbelge.be\/index.php?rest_route=\/wp\/v2\/posts\/10439","targetHints":{"allow":["GET"]}}],"collection":[{"href":"https:\/\/www.unionbelge.be\/index.php?rest_route=\/wp\/v2\/posts"}],"about":[{"href":"https:\/\/www.unionbelge.be\/index.php?rest_route=\/wp\/v2\/types\/post"}],"author":[{"embeddable":true,"href":"https:\/\/www.unionbelge.be\/index.php?rest_route=\/wp\/v2\/users\/2"}],"replies":[{"embeddable":true,"href":"https:\/\/www.unionbelge.be\/index.php?rest_route=%2Fwp%2Fv2%2Fcomments&post=10439"}],"version-history":[{"count":3,"href":"https:\/\/www.unionbelge.be\/index.php?rest_route=\/wp\/v2\/posts\/10439\/revisions"}],"predecessor-version":[{"id":10442,"href":"https:\/\/www.unionbelge.be\/index.php?rest_route=\/wp\/v2\/posts\/10439\/revisions\/10442"}],"wp:attachment":[{"href":"https:\/\/www.unionbelge.be\/index.php?rest_route=%2Fwp%2Fv2%2Fmedia&parent=10439"}],"wp:term":[{"taxonomy":"category","embeddable":true,"href":"https:\/\/www.unionbelge.be\/index.php?rest_route=%2Fwp%2Fv2%2Fcategories&post=10439"},{"taxonomy":"post_tag","embeddable":true,"href":"https:\/\/www.unionbelge.be\/index.php?rest_route=%2Fwp%2Fv2%2Ftags&post=10439"}],"curies":[{"name":"wp","href":"https:\/\/api.w.org\/{rel}","templated":true}]}}