{"id":10400,"date":"2016-06-08T18:21:25","date_gmt":"2016-06-08T17:21:25","guid":{"rendered":"http:\/\/www.unionbelge.be\/?p=10400"},"modified":"2016-06-08T22:11:07","modified_gmt":"2016-06-08T21:11:07","slug":"decumul-de-sp-a-wil-het-aantal-politici-nog-verhogen-decumul-le-sp-a-veut-encore-augmenter-le-nombre-de-politiciens","status":"publish","type":"post","link":"https:\/\/www.unionbelge.be\/?p=10400","title":{"rendered":"DECUMUL: DE SP.A WIL HET AANTAL POLITICI NOG VERHOGEN &#8211; DECUMUL : LE SP.A VEUT ENCORE AUGMENTER LE NOMBRE DE POLITICIENS"},"content":{"rendered":"<figure id=\"attachment_10401\" aria-describedby=\"caption-attachment-10401\" style=\"width: 365px\" class=\"wp-caption alignleft\"><a href=\"https:\/\/www.unionbelge.be\/?attachment_id=10401\" rel=\"attachment wp-att-10401\"><img loading=\"lazy\" decoding=\"async\" class=\" wp-image-10401\" src=\"https:\/\/www.unionbelge.be\/wp-content\/uploads\/2016\/06\/media_xll_8724220.jpg\" alt=\"de zogezegde &quot;socialisten&quot; - les soi-disant &quot;socialistes&quot; bron-source: hln.be \u00a9 belga\" width=\"365\" height=\"206\" data-wp-pid=\"10401\" srcset=\"https:\/\/www.unionbelge.be\/wp-content\/uploads\/2016\/06\/media_xll_8724220.jpg 510w, https:\/\/www.unionbelge.be\/wp-content\/uploads\/2016\/06\/media_xll_8724220-300x169.jpg 300w\" sizes=\"auto, (max-width: 365px) 100vw, 365px\" \/><\/a><figcaption id=\"caption-attachment-10401\" class=\"wp-caption-text\">de zogezegde &#8220;socialisten&#8221; &#8211; les soi-disant &#8220;socialistes&#8221; bron-source: hln.be \u00a9 belga<\/figcaption><\/figure>\n<p><strong>VOOR DE PARTICRATIE BESTAAT DE CRISIS ENKEL VOOR DE BURGERS<\/strong><\/p>\n<p><strong>Tijdens een congres in Plopsaland (sic) in De Panne op 5 juni 2016 beslisten de flamingantische &#8216;socialisten&#8217; het cumuleren van mandaten in de schoot van hun partij op te heffen. In realiteit gaat het om een particratische maatregel die erop gericht is om de macht van de partij te bestendigen en te versterken.<\/strong><\/p>\n<p>Officieel wil de SP.a dat haar vertegenwoordigers slechts \u00e9\u00e9n mandaat tegelijkertijd bekleden. Ze kunnen niet tegelijk parlementair en burgemeester of schepen zijn.<\/p>\n<p>Nochtans zal door de afschaffing van de cumul het aantal politici onvermijdelijk toenemen. Alsof bijna 10.000 politici in totaal nog niet genoeg was. De particraten van de SP.a lijken niet te begrijpen dat \u00e9\u00e9n van de grote problemen van het huidige Belgi\u00eb de macht van de particratie is en de overdaad aan regeringen en parlementen. Men kan zich ook afvragen waar een partij al dat competent personeel kan vinden op een moment dat er al zoveel incompetente politici rondlopen en de huidige politiek meer en meer door de bevolking afgekeurd wordt.<\/p>\n<p>Daarbij komt nog dat de parlementsleden\u00a0nog meer van hun lokale basis zullen vervreemden. Het feit dat een burgemeester of een gouverneur in het parlement kan zetelen is een middel om beter de gemeentelijke of provinciale wensen te vertalen. Dat middel valt nu weg.<\/p>\n<p>Opnieuw schrijft deze maatregel zich dus in een particratisch manoeuvre in om haar blazoen op te poetsen en, erger nog, om de kiezer te misleiden over haar bedoelingen die op het eerste gezicht lovenswaardig zijn. Het gaat om een pseudo-democratische maatregel en gelet op zijn nefaste gevolgen kan men ook twijfelen aan de motieven van de SP.a.<\/p>\n<p>Tegelijkertijd besliste de \u00ab\u00a0Vlaamse\u00a0\u00bb regering de oude, verboden verkiezingstechnieken van reuzengrote affiches, spotjes op radio en TV en \u201ctelefoonbombardementen\u201d weer mogelijk te maken voor de gemeente- en provincieraadsverkiezingen. Het lijkt wel een wanhoopsoffensief van een junta die alle legitimiteit verloren heeft. Ook verhoogden de parlementsleden op\u201cfederaal\u201d en \u201cVlaams\u201d niveau stiekem en voor de zoveelste keer hun parlementaire wedde. De particratie is dus alleen bezorgd om haar eigenbehoud. En de crisis is er blijkbaar alleen voor de burgers\u2026<\/p>\n<p>&nbsp;<\/p>\n<p><strong>POUR LA PARTICRATIE, LA CRISE N&#8217;EXISTE QUE POUR LES CITOYENS<\/strong><\/p>\n<p><strong>A un congr\u00e8s tenu \u00e0 Plopsaland (sic) \u00e0 La Panne le 5 juin 2016, les \u00ab\u00a0socialistes\u00a0\u00bb flamingants ont d\u00e9cid\u00e9 de supprimer le cumul des mandats au sein de leur parti. Il s\u2019agit en r\u00e9alit\u00e9 d\u2019une mesure particratique pour maintenir et renforcer le pouvoir du parti.\u00a0<\/strong><\/p>\n<p>Officiellement, le SP.a entend que ses \u00e9lus ne s\u2019occupent d\u2019un seul mandat \u00e0 la fois. Ils ne peuvent \u00eatre \u00e0 la fois parlementaire et bourgmestre ou \u00e9chevin.<\/p>\n<p>Toutefois, par la suppression du cumul, le nombre de politiciens va in\u00e9vitablement augmenter. Comme si presque 10.000 politiciens au total n\u2019\u00e9tait pas encore suffisant. Les particrates du SP.a ne semblent pas comprendre qu\u2019un des grands probl\u00e8mes de la Belgique actuelle est le pouvoir de la particratie et l\u2019exc\u00e8s de gouvernements et de parlements. On peut aussi se poser la question de savoir o\u00f9 un parti peut encore trouver tout ce personnel comp\u00e9tent \u00e0 un moment o\u00f9 il y a d\u00e9j\u00e0 un tas de politiciens incomp\u00e9tents et que la politique actuelle est de plus en plus d\u00e9cri\u00e9 par les citoyens.<\/p>\n<p>De plus, ainsi, les parlementaires s\u2019ali\u00e9neront encore plus de la base locale. Le fait qu\u2019un bourgmestre ou un gouverneur puisse si\u00e9ger au parlement est un outil pour mieux traduire les souhaits communaux et provinciaux. Cet outil dispara\u00eetrait.<\/p>\n<p>Cette mesure s\u2019inscrit donc de nouveau dans une man\u0153uvre de la particratie pour redonner son blason et, pire, pour induire l\u2019\u00e9lecteur en erreur sur ses intentions, qui sont \u00e0 premi\u00e8re vue louables. Il s\u2019agit d\u2019une mesure pseudo-d\u00e9mocratique et vu ses effets n\u00e9fastes, on peut aussi douter des motifs du SP.a.<\/p>\n<p>En m\u00eame temps, le gouvernement &#8216;flamand&#8217; a d\u00e9cid\u00e9 de r\u00e9introduire la possibilit\u00e9 d&#8217;employer d\u2019anciennes techniques \u00e9lectorales interdites, comme les affiches g\u00e9antes, les publicit\u00e9s \u00e0 la radio et \u00e0 la t\u00e9l\u00e9vision ainsi que les \u00ab\u00a0bombardements t\u00e9l\u00e9phoniques\u00a0\u00bb pour les \u00e9lections provinciales et communales. Cela ressemble fort \u00e0 une offensive d\u00e9sesp\u00e9r\u00e9e de la part d&#8217;une junte qui a perdu toute l\u00e9gitimit\u00e9. De plus, les parlementaires au niveau &#8216;flamand&#8217; et au niveau &#8216;f\u00e9d\u00e9ral&#8217; viennent d\u2019augmenter en catimini leur salaire parlementaire pour la \u00e9ni\u00e8me fois. La particratie ne s&#8217;int\u00e9resse donc qu&#8217;\u00e0 sa propre conservation. Et la crise n&#8217;existe apparemment que pour les citoyens&#8230;<\/p>\n","protected":false},"excerpt":{"rendered":"<p>Tijdens een congres in Plopsaland (sic) in De Panne op 5 juni 2016 beslisten de flamingantische &#8216;socialisten&#8217; het cumuleren van mandaten in de schoot van hun partij op te heffen. In realiteit gaat het om een particratische maatregel die erop gericht is om de macht van de partij te bestendigen en te versterken.<\/p>\n<p>A un congr\u00e8s tenu \u00e0 Plopsaland (sic) \u00e0 La Panne le 5 juin 2016, les \u00ab socialistes \u00bb flamingants ont d\u00e9cid\u00e9 de supprimer le cumul des mandats au sein de leur parti. Il s\u2019agit en r\u00e9alit\u00e9 d\u2019une mesure particratique pour maintenir et renforcer le pouvoir du parti. <\/p>\n","protected":false},"author":2,"featured_media":0,"comment_status":"closed","ping_status":"closed","sticky":false,"template":"","format":"standard","meta":{"ngg_post_thumbnail":0,"jetpack_post_was_ever_published":false,"_jetpack_newsletter_access":"","_jetpack_dont_email_post_to_subs":false,"_jetpack_newsletter_tier_id":0,"_jetpack_memberships_contains_paywalled_content":false,"powered_cache_disable_cache":false,"_jetpack_memberships_contains_paid_content":false,"footnotes":"","jetpack_publicize_message":"","jetpack_publicize_feature_enabled":true,"jetpack_social_post_already_shared":true,"jetpack_social_options":{"image_generator_settings":{"template":"highway","default_image_id":0,"font":"","enabled":false},"version":2}},"categories":[1,5],"tags":[],"class_list":["post-10400","post","type-post","status-publish","format-standard","hentry","category-news0","category-opinions"],"jetpack_publicize_connections":[],"jetpack_featured_media_url":"","jetpack_sharing_enabled":true,"jetpack_shortlink":"https:\/\/wp.me\/p6Y7u0-2HK","jetpack_likes_enabled":false,"_links":{"self":[{"href":"https:\/\/www.unionbelge.be\/index.php?rest_route=\/wp\/v2\/posts\/10400","targetHints":{"allow":["GET"]}}],"collection":[{"href":"https:\/\/www.unionbelge.be\/index.php?rest_route=\/wp\/v2\/posts"}],"about":[{"href":"https:\/\/www.unionbelge.be\/index.php?rest_route=\/wp\/v2\/types\/post"}],"author":[{"embeddable":true,"href":"https:\/\/www.unionbelge.be\/index.php?rest_route=\/wp\/v2\/users\/2"}],"replies":[{"embeddable":true,"href":"https:\/\/www.unionbelge.be\/index.php?rest_route=%2Fwp%2Fv2%2Fcomments&post=10400"}],"version-history":[{"count":3,"href":"https:\/\/www.unionbelge.be\/index.php?rest_route=\/wp\/v2\/posts\/10400\/revisions"}],"predecessor-version":[{"id":10404,"href":"https:\/\/www.unionbelge.be\/index.php?rest_route=\/wp\/v2\/posts\/10400\/revisions\/10404"}],"wp:attachment":[{"href":"https:\/\/www.unionbelge.be\/index.php?rest_route=%2Fwp%2Fv2%2Fmedia&parent=10400"}],"wp:term":[{"taxonomy":"category","embeddable":true,"href":"https:\/\/www.unionbelge.be\/index.php?rest_route=%2Fwp%2Fv2%2Fcategories&post=10400"},{"taxonomy":"post_tag","embeddable":true,"href":"https:\/\/www.unionbelge.be\/index.php?rest_route=%2Fwp%2Fv2%2Ftags&post=10400"}],"curies":[{"name":"wp","href":"https:\/\/api.w.org\/{rel}","templated":true}]}}