{"id":10017,"date":"2016-01-07T12:45:00","date_gmt":"2016-01-07T11:45:00","guid":{"rendered":"http:\/\/www.unionbelge.be\/?p=10017"},"modified":"2016-11-15T22:40:04","modified_gmt":"2016-11-15T21:40:04","slug":"moedige-schooldirecteur-desmet-gaat-beroep-tegen-ontslag-le-courageux-directeur-decole-desmet-va-en-appel-contre-son-licenciement","status":"publish","type":"post","link":"https:\/\/www.unionbelge.be\/?p=10017","title":{"rendered":"SCHOOLDIRECTEUR RONSE GAAT IN BEROEP TEGEN ONTSLAG  &#8211; LE DIRECTEUR  D&#8217;ECOLE DE RENAIX VA EN APPEL CONTRE SON LICENCIEMENT"},"content":{"rendered":"<p><strong>ONTSLAG IS DISPROPORTIONEEL\u00a0<\/strong><\/p>\n<p><strong>Eerder kon u op onze site en elders het wedervaren lezen van de Heer Eddy Desmet, de schooldirecteur uit Ronse,\u00a0die na een priv\u00e9-conversatie per mail met &#8216;Vlaams&#8217; &#8216;minister&#8217; van binnenlands bestuur Homans in september 2015 eerst geschorst en in december in rang teruggezet werd, waardoor hij geen schooldirecteur, maar nog slechts leraar kan zijn.\u00a0De B.U.B. vindt die sanctie ongegrond en disproportioneel.<\/strong><\/p>\n<p>Nochtans had de heer Desmet enkel als priv\u00e9-persoon kritiek geuit op zeer betwistbare en van weinig menselijkheid getuigende\u00a0uitspraken van de &#8216;minister&#8217; over de vluchtelingen. Bovendien had hij, weliswaar in emotioneel geladen bewoordingen, gewezen op de onmiskenbare historische overeenkomsten tussen de N-VA en het nationaal-socialisme. Ondanks een publieke spijtbetuiging en het feit dat zijn hele\u00a0loopbaan getuigt van een onberispelijke integriteit werd het proces van de directeur eerst door de &#8216;minister&#8217;\u00a0in de media gevoerd en vervolgens voor de bevoegde tuchtoverheid. Het doel was duidelijk deze directeur, die zeer veel houdt van zijn tweetalige school en zich verzet tegen de afschaffing van de Franstalige vleugel, uit de weg te ruimen.<\/p>\n<p>Ondertussen kan de N-VA op kosten\u00a0van de Belgische belastingsbetaler haatzaaiende propaganda blijven verkondigen die erop gericht is Belgi\u00eb te splitsen. Op 6 januari 2016 heeft dezelfde minister Homans nog eens het doel van de N-VA herhaald: de verdwijning van Belgi\u00eb en dit tegen 2025.<\/p>\n<p>In september 2015 betuigde de B.U.B. reeds zijn steun aan de heer Desmet en dit in navolging van de ouders, de leraars en de leerlingen van de openbare basisschool in Ronse. Nu verdedigt onze voorzitter hem als advocaat in hoger beroep.<\/p>\n<p><strong>Hopelijk is er in onze rechtstaat nog plaats voor rechtvaardigheid en vrijheid van meningsuiting zodat de heer Desmet opnieuw zijn functie van schooldirecteur kan opnemen.<\/strong><\/p>\n<p>&nbsp;<\/p>\n<p><strong>LE LICENCIEMENT EST DISPROPORTIONNE<\/strong><\/p>\n<p><strong>Auparavant vous avez d\u00e9j\u00e0 pu lire sur notre site et ailleurs les p\u00e9rip\u00e9ties de Monsieur Eddy Desmet, le directeur d&#8217;\u00e9cole \u00e0 Renaix, qui, apr\u00e8s une conversation priv\u00e9e avec la \u00ab\u00a0ministre\u00a0\u00bb \u00ab\u00a0flamande\u00a0\u00bb de l&#8217;int\u00e9rieur, a \u00e9t\u00e9 suspendu de ses fonctions en septembre 2015 et ensuite retrograde vers la fonction d\u2019instituteur en d\u00e9cembre. Le B.U.B. trouve cette sanction non fond\u00e9e et disproportionn\u00e9e.<\/strong><\/p>\n<p>Monsieur Desmet n\u2019avait pourtant que critiqu\u00e9 en sa qualit\u00e9 de personne priv\u00e9e les propos tr\u00e8s pol\u00e9miques et peu humanistes de la &#8216;ministre&#8217; concernant les r\u00e9fugi\u00e9s. En outre, il avait soulign\u00e9 \u2013 certes en termes tr\u00e8s \u00e9motionnels &#8211; les ind\u00e9niables similitudes historiques entre la N-VA et le national-socialisme. Malgr\u00e9 des excuses publiques et le fait que toute sa carri\u00e8re t\u00e9moigne d&#8217;une int\u00e9grit\u00e9 irr\u00e9prochable, le proc\u00e8s du directeur a d\u2019abord \u00e9t\u00e9 men\u00e9 par la ministre dans les m\u00e9dias et ensuite devant l&#8217;autorit\u00e9 disciplinaire comp\u00e9tente. Le but \u00e9tait clairement d\u2019\u00e9carter un directeur qui aime beaucoup son \u00e9cole bilingue et qui s&#8217;oppose \u00e0 l&#8217;abolition de l&#8217;aile francophone.<\/p>\n<p>Entretemps, la N-VA peut continuer \u00e0 r\u00e9pandre sa propagande haineuse &#8211; pay\u00e9e par le contribuable belge &#8211; ayant comme but la scission de la Belgique.\u00a0Le 6 janvier 2016, la m\u00eame ministre Homans a encore r\u00e9p\u00e9t\u00e9 le but de la N-VA\u00a0: la disparition de la Belgique et ceci vers l\u2019horizon de 2025.<\/p>\n<p>En septembre 2015 d\u00e9j\u00e0, le B.U.B. exprimait son soutien \u00e0 Monsieur Desmet \u00e0 l&#8217;instar des parents, des instituteurs et des \u00e9l\u00e8ves de l&#8217;\u00e9cole primaire publique de Renaix. Maintenant, notre pr\u00e9sident d\u00e9fend le directeur comme avocat en appel.<\/p>\n<p><strong>Esp\u00e9rons qu&#8217;il y a encore une place dans notre Etat de droit pour la justice et la libert\u00e9 d&#8217;expression pour que Monsieur Desmet puisse \u00e0 nouveau assumer sa fonction de directeur d&#8217;\u00e9cole.<\/strong><\/p>\n","protected":false},"excerpt":{"rendered":"<p>Eerder kon u op onze site en elders het wedervaren lezen van de Heer Eddy Desmet, de schooldirecteur uit Ronse, die na een priv\u00e9-conversatie per mail met &#8216;Vlaams&#8217; &#8216;minister&#8217; van binnenlands bestuur Homans in september 2015 eerst geschorst en in december in rang teruggezet werd, waardoor hij geen schooldirecteur, maar nog slechts leraar kan zijn. De B.U.B. vindt die sanctie ongegrond en disproportioneel.<\/p>\n<p>Auparavant vous avez d\u00e9j\u00e0 pu lire sur notre site et ailleurs les p\u00e9rip\u00e9ties de Monsieur Eddy Desmet, le directeur d&#8217;\u00e9cole \u00e0 Renaix, qui, apr\u00e8s une conversation priv\u00e9e avec la \u00ab ministre \u00bb \u00ab flamande \u00bb de l&#8217;int\u00e9rieur, a \u00e9t\u00e9 suspendu de ses fonctions en septembre 2015 et ensuite retrograde vers la fonction d\u2019instituteur en d\u00e9cembre. Le B.U.B. trouve cette sanction non fond\u00e9e et disproportionn\u00e9e.<\/p>\n","protected":false},"author":2,"featured_media":0,"comment_status":"closed","ping_status":"closed","sticky":false,"template":"","format":"standard","meta":{"ngg_post_thumbnail":0,"jetpack_post_was_ever_published":false,"_jetpack_newsletter_access":"","_jetpack_dont_email_post_to_subs":false,"_jetpack_newsletter_tier_id":0,"_jetpack_memberships_contains_paywalled_content":false,"powered_cache_disable_cache":false,"_jetpack_memberships_contains_paid_content":false,"footnotes":"","jetpack_publicize_message":"","jetpack_publicize_feature_enabled":true,"jetpack_social_post_already_shared":true,"jetpack_social_options":{"image_generator_settings":{"template":"highway","default_image_id":0,"font":"","enabled":false},"version":2}},"categories":[22,1],"tags":[],"class_list":["post-10017","post","type-post","status-publish","format-standard","hentry","category-law","category-news0"],"jetpack_publicize_connections":[],"jetpack_featured_media_url":"","jetpack_sharing_enabled":true,"jetpack_shortlink":"https:\/\/wp.me\/p6Y7u0-2Bz","jetpack_likes_enabled":false,"_links":{"self":[{"href":"https:\/\/www.unionbelge.be\/index.php?rest_route=\/wp\/v2\/posts\/10017","targetHints":{"allow":["GET"]}}],"collection":[{"href":"https:\/\/www.unionbelge.be\/index.php?rest_route=\/wp\/v2\/posts"}],"about":[{"href":"https:\/\/www.unionbelge.be\/index.php?rest_route=\/wp\/v2\/types\/post"}],"author":[{"embeddable":true,"href":"https:\/\/www.unionbelge.be\/index.php?rest_route=\/wp\/v2\/users\/2"}],"replies":[{"embeddable":true,"href":"https:\/\/www.unionbelge.be\/index.php?rest_route=%2Fwp%2Fv2%2Fcomments&post=10017"}],"version-history":[{"count":8,"href":"https:\/\/www.unionbelge.be\/index.php?rest_route=\/wp\/v2\/posts\/10017\/revisions"}],"predecessor-version":[{"id":10783,"href":"https:\/\/www.unionbelge.be\/index.php?rest_route=\/wp\/v2\/posts\/10017\/revisions\/10783"}],"wp:attachment":[{"href":"https:\/\/www.unionbelge.be\/index.php?rest_route=%2Fwp%2Fv2%2Fmedia&parent=10017"}],"wp:term":[{"taxonomy":"category","embeddable":true,"href":"https:\/\/www.unionbelge.be\/index.php?rest_route=%2Fwp%2Fv2%2Fcategories&post=10017"},{"taxonomy":"post_tag","embeddable":true,"href":"https:\/\/www.unionbelge.be\/index.php?rest_route=%2Fwp%2Fv2%2Ftags&post=10017"}],"curies":[{"name":"wp","href":"https:\/\/api.w.org\/{rel}","templated":true}]}}